{"id":4221,"date":"2024-06-19T17:44:51","date_gmt":"2024-06-19T15:44:51","guid":{"rendered":"https:\/\/les-arias-grandest.fr\/?p=4221"},"modified":"2024-06-19T17:44:51","modified_gmt":"2024-06-19T15:44:51","slug":"sondage-flash-economique-focus-mdd","status":"publish","type":"post","link":"https:\/\/les-arias-grandest.fr\/index.php\/2024\/06\/19\/sondage-flash-economique-focus-mdd\/","title":{"rendered":"Sondage Flash Economique &#8211; Focus MDD"},"content":{"rendered":"<p style=\"text-align: justify;\">Mi-mai, l\u2019ABEA a \u00e9t\u00e9 auditionn\u00e9e via une d\u00e9l\u00e9gation du R\u00e9seau des ARIA de France, \u00e0 l\u2019Assembl\u00e9e nationale dans le cadre de la mission parlementaire EGalim. La d\u00e9l\u00e9gation a \u00e9t\u00e9 re\u00e7ue par les deux d\u00e9put\u00e9s Anne-Laure Babault et Alexis Izard en charge de cette mission parlementaire.<br \/>\nPlusieurs sujets d&rsquo;actualit\u00e9 ont \u00e9t\u00e9 abord\u00e9s dont notamment celui autour de l&rsquo;inflation alimentaire qui impacte\u00a0depuis de longs mois\u00a0directement les achats alimentaires des consommateurs. Ils sont de plus en plus nombreux \u00e0 faire le choix des produits MDD avec l&rsquo;objectif de pr\u00e9server leur pouvoir d&rsquo;achat. Le d\u00e9veloppement des MDD se fait-il au d\u00e9triment des marques nationales ? Les MDD constituent-elles une opportunit\u00e9 ou une menace ? Interrog\u00e9s sur ce point par les deux d\u00e9put\u00e9s lors de notre audition \u00e0 l&rsquo;AN, nous avons besoin de vos r\u00e9ponses. Merci.<\/p>\n<blockquote><p>R\u00e9pondre \u00e0 l&rsquo;enqu\u00eate : <strong><a href=\"https:\/\/forms.office.com\/e\/8ceEeRZHhu\">https:\/\/forms.office.com\/e\/8ceEeRZHhu<\/a><\/strong><\/p><\/blockquote>\n<p>&nbsp;<\/p>\n<p><a href=\"http:\/\/www.les-arias-grandest.fr\">www.les-arias-grandest.fr<\/a><\/p>\n","protected":false},"excerpt":{"rendered":"<p>Mi-mai, l\u2019ABEA a \u00e9t\u00e9 auditionn\u00e9e via une d\u00e9l\u00e9gation du R\u00e9seau des ARIA de France, \u00e0 l\u2019Assembl\u00e9e nationale dans le cadre de la mission parlementaire EGalim. La d\u00e9l\u00e9gation a \u00e9t\u00e9 re\u00e7ue [&hellip;]<\/p>\n","protected":false},"author":1,"featured_media":3505,"comment_status":"closed","ping_status":"closed","sticky":false,"template":"","format":"standard","meta":{"om_disable_all_campaigns":false,"_monsterinsights_skip_tracking":false,"_monsterinsights_sitenote_active":false,"_monsterinsights_sitenote_note":"","_monsterinsights_sitenote_category":0,"footnotes":""},"categories":[7],"tags":[],"class_list":["post-4221","post","type-post","status-publish","format-standard","has-post-thumbnail","hentry","category-actu-page-daccueil"],"aioseo_notices":[],"_links":{"self":[{"href":"https:\/\/les-arias-grandest.fr\/index.php\/wp-json\/wp\/v2\/posts\/4221","targetHints":{"allow":["GET"]}}],"collection":[{"href":"https:\/\/les-arias-grandest.fr\/index.php\/wp-json\/wp\/v2\/posts"}],"about":[{"href":"https:\/\/les-arias-grandest.fr\/index.php\/wp-json\/wp\/v2\/types\/post"}],"author":[{"embeddable":true,"href":"https:\/\/les-arias-grandest.fr\/index.php\/wp-json\/wp\/v2\/users\/1"}],"replies":[{"embeddable":true,"href":"https:\/\/les-arias-grandest.fr\/index.php\/wp-json\/wp\/v2\/comments?post=4221"}],"version-history":[{"count":0,"href":"https:\/\/les-arias-grandest.fr\/index.php\/wp-json\/wp\/v2\/posts\/4221\/revisions"}],"wp:featuredmedia":[{"embeddable":true,"href":"https:\/\/les-arias-grandest.fr\/index.php\/wp-json\/wp\/v2\/media\/3505"}],"wp:attachment":[{"href":"https:\/\/les-arias-grandest.fr\/index.php\/wp-json\/wp\/v2\/media?parent=4221"}],"wp:term":[{"taxonomy":"category","embeddable":true,"href":"https:\/\/les-arias-grandest.fr\/index.php\/wp-json\/wp\/v2\/categories?post=4221"},{"taxonomy":"post_tag","embeddable":true,"href":"https:\/\/les-arias-grandest.fr\/index.php\/wp-json\/wp\/v2\/tags?post=4221"}],"curies":[{"name":"wp","href":"https:\/\/api.w.org\/{rel}","templated":true}]}}