{"id":4269,"date":"2024-07-04T16:04:37","date_gmt":"2024-07-04T14:04:37","guid":{"rendered":"https:\/\/les-arias-grandest.fr\/?p=4269"},"modified":"2024-07-04T16:06:28","modified_gmt":"2024-07-04T14:06:28","slug":"replay-disponible-enjeux-du-nouvel-algorithme-du-nutriscore-quels-changements-pour-les-entreprises-le-4-juin-de-14h-a-15h-2","status":"publish","type":"post","link":"https:\/\/les-arias-grandest.fr\/index.php\/2024\/07\/04\/replay-disponible-enjeux-du-nouvel-algorithme-du-nutriscore-quels-changements-pour-les-entreprises-le-4-juin-de-14h-a-15h-2\/","title":{"rendered":"Replay disponible \u00ab Webinaire RSE : les bonnes pratiques \u00bb, du 2 juillet"},"content":{"rendered":"<p style=\"text-align: justify;\"><strong>40 participants<\/strong> ont pris part au webinaire <strong>\u00ab Les bonnes pratiques \u00bb<\/strong> organis\u00e9 par <a href=\"http:\/\/www.les-arias-grandest.fr\">les ARIAS du Grand Est<\/a> ce mardi 2 juillet 2024, de 14h30 \u00e0 16h. Votre pr\u00e9sence et votre engagement t\u00e9moignent de l\u2019importance croissante de la RSE dans notre r\u00e9gion.<br \/>\nPour ceux qui n\u2019ont pas pu assister \u00e0 l\u2019\u00e9v\u00e9nement ou qui souhaitent le revoir, le replay du webinaire est d\u00e9sormais disponible. Vous pouvez y acc\u00e9der en suivant ce<\/p>\n<p style=\"text-align: justify;\">Voici un rappel du programme riche et vari\u00e9 de ce webinaire :<\/p>\n<ul>\n<li style=\"text-align: justify;\">Introduction et grands enjeux par Val\u00e9rie SIEGLER<\/li>\n<li style=\"text-align: justify;\">Pr\u00e9sentation de l\u2019accompagnement des ARIAs du Grand Est par Benoit LEMELLE, Nicolas HEINTZ, et Justine GATEAUX<\/li>\n<li style=\"text-align: justify;\">Pr\u00e9sentation de l\u2019int\u00e9r\u00eat du label PME+ par Katrin BARROIS<\/li>\n<li style=\"text-align: justify;\">T\u00e9moignage entreprise par Nicolas CABALION<\/li>\n<li style=\"text-align: justify;\">Enqu\u00eate RSE : <a href=\"https:\/\/forms.office.com\/e\/CmmJdTfnfR\">https:\/\/forms.office.com\/e\/CmmJdTfnfR<\/a><\/li>\n<li style=\"text-align: justify;\">Conclusion par Val\u00e9rie SIEGLER<\/li>\n<\/ul>\n<p>Nous vous invitons \u00e9galement \u00e0 participer \u00e0 notre <a href=\"https:\/\/forms.office.com\/e\/CmmJdTfnfR\"><strong>enqu\u00eate RSE<\/strong><\/a> afin de nous aider \u00e0 am\u00e9liorer nos initiatives et \u00e0 mieux r\u00e9pondre \u00e0 vos attentes. Votre avis est pr\u00e9cieux pour nous !<br \/>\nN\u2019h\u00e9sitez pas \u00e0 nous solliciter si vous souhaitez mettre en place, formaliser ou consolider une d\u00e9marche RSE au sein de votre structure.<\/p>\n<p><iframe title=\"Webinaire \u00ab RSE : Les bonnes pratiques  \u00bb\" width=\"500\" height=\"281\" data-src=\"https:\/\/www.youtube.com\/embed\/BmnFmlFZm-k?start=1&#038;feature=oembed\" frameborder=\"0\" allow=\"accelerometer; autoplay; clipboard-write; encrypted-media; gyroscope; picture-in-picture; web-share\" referrerpolicy=\"strict-origin-when-cross-origin\" allowfullscreen src=\"data:image\/gif;base64,R0lGODlhAQABAAAAACH5BAEKAAEALAAAAAABAAEAAAICTAEAOw==\" class=\"lazyload\" data-load-mode=\"1\"><\/iframe><\/p>\n<blockquote>\n<div><b>Vos contacts\u00a0<\/b><\/div>\n<ul>\n<li>\n<div>Justine GATEAUX &#8211; Agria Grand Est &#8211;\u00a0<a id=\"LPlnk285795\" title=\"justine.gateaux@iaa-lorraine.fr\" href=\"mailto:justine.gateaux@iaa-lorraine.fr\">justine.gateaux@iaa-lorraine.fr<\/a>\u00a0&#8211;\u00a006 73 01 24 80<\/div>\n<\/li>\n<li>\n<div>Yvelise SCHAEFFER\u00a0&#8211; ARIA Alsace &#8211;\u00a0<a id=\"LPlnk710550\" title=\"yvelise@aria.alsace.fr\" href=\"mailto:yvelise@aria.alsace.fr\">yvelise@aria.alsace.fr<\/a>\u00a0&#8211; 07 88 45 66 08<\/div>\n<\/li>\n<li>\n<div>Jean-Thomas ROBICHON &#8211; Savourez la Champagne Ardenne &#8211;<a id=\"LPlnk154914\" title=\"jtrobichon@savourez-la-champagne-ardenne.fr\" href=\"mailto:jtrobichon@savourez-la-champagne-ardenne.fr\" data-linkindex=\"10\">\u00a0jtrobichon@savourez-la-champagne-ardenne.fr<\/a>\u00a0&#8211; 06 89 17 64 08.<\/div>\n<\/li>\n<\/ul>\n<\/blockquote>\n<p style=\"text-align: justify;\"><a href=\"http:\/\/www.iaa-lorraine.fr\">www.iaa-lorraine.fr<\/a> | <a href=\"http:\/\/www.les-arias-grandest.fr\">www.les-arias-grandest.fr<\/a> | <a href=\"http:\/\/www.savourez-la-champagne-ardenne.fr\">www.savourez-la-champagne-ardenne.fr<\/a><\/p>\n","protected":false},"excerpt":{"rendered":"<p>40 participants ont pris part au webinaire \u00ab Les bonnes pratiques \u00bb organis\u00e9 par les ARIAS du Grand Est ce mardi 2 juillet 2024, de 14h30 \u00e0 16h. Votre pr\u00e9sence [&hellip;]<\/p>\n","protected":false},"author":1,"featured_media":4171,"comment_status":"closed","ping_status":"closed","sticky":false,"template":"","format":"standard","meta":{"om_disable_all_campaigns":false,"_monsterinsights_skip_tracking":false,"_monsterinsights_sitenote_active":false,"_monsterinsights_sitenote_note":"","_monsterinsights_sitenote_category":0,"footnotes":""},"categories":[7],"tags":[],"class_list":["post-4269","post","type-post","status-publish","format-standard","has-post-thumbnail","hentry","category-actu-page-daccueil"],"aioseo_notices":[],"_links":{"self":[{"href":"https:\/\/les-arias-grandest.fr\/index.php\/wp-json\/wp\/v2\/posts\/4269","targetHints":{"allow":["GET"]}}],"collection":[{"href":"https:\/\/les-arias-grandest.fr\/index.php\/wp-json\/wp\/v2\/posts"}],"about":[{"href":"https:\/\/les-arias-grandest.fr\/index.php\/wp-json\/wp\/v2\/types\/post"}],"author":[{"embeddable":true,"href":"https:\/\/les-arias-grandest.fr\/index.php\/wp-json\/wp\/v2\/users\/1"}],"replies":[{"embeddable":true,"href":"https:\/\/les-arias-grandest.fr\/index.php\/wp-json\/wp\/v2\/comments?post=4269"}],"version-history":[{"count":0,"href":"https:\/\/les-arias-grandest.fr\/index.php\/wp-json\/wp\/v2\/posts\/4269\/revisions"}],"wp:featuredmedia":[{"embeddable":true,"href":"https:\/\/les-arias-grandest.fr\/index.php\/wp-json\/wp\/v2\/media\/4171"}],"wp:attachment":[{"href":"https:\/\/les-arias-grandest.fr\/index.php\/wp-json\/wp\/v2\/media?parent=4269"}],"wp:term":[{"taxonomy":"category","embeddable":true,"href":"https:\/\/les-arias-grandest.fr\/index.php\/wp-json\/wp\/v2\/categories?post=4269"},{"taxonomy":"post_tag","embeddable":true,"href":"https:\/\/les-arias-grandest.fr\/index.php\/wp-json\/wp\/v2\/tags?post=4269"}],"curies":[{"name":"wp","href":"https:\/\/api.w.org\/{rel}","templated":true}]}}