{"id":4426,"date":"2024-07-19T08:34:36","date_gmt":"2024-07-19T06:34:36","guid":{"rendered":"https:\/\/les-arias-grandest.fr\/?p=4426"},"modified":"2024-07-19T08:34:36","modified_gmt":"2024-07-19T06:34:36","slug":"journee-emplois-de-la-bieconomie-7-septembre-a-la-foire-de-chalons-avec-la-cci-grand-est","status":"publish","type":"post","link":"https:\/\/les-arias-grandest.fr\/index.php\/2024\/07\/19\/journee-emplois-de-la-bieconomie-7-septembre-a-la-foire-de-chalons-avec-la-cci-grand-est\/","title":{"rendered":"Journ\u00e9e \u00ab Emplois de la Bi\u00e9conomie \u00bb 7 septembre \u00e0 la foire de Ch\u00e2lons avec la CCI Grand Est"},"content":{"rendered":"<p style=\"text-align: justify;\">Pour la 2<sup>\u00e8me<\/sup> ann\u00e9e cons\u00e9cutive, sera organis\u00e9 un <strong>village de la Bio\u00e9conomie lors de la foire de Ch\u00e2lons du 30 ao\u00fbt au 8 septembre 2024.<\/strong><\/p>\n<p style=\"text-align: justify;\">La Chambre d\u2019Agriculture Grand Est, Bioeconomy For Change, GRDF, la CCI Grand Est et la R\u00e9gion Grand Est se sont associ\u00e9s pour proposer un pavillon de 350 m2 d\u00e9di\u00e9 aux innovations et solutions durables pour promouvoir la bio\u00e9conomie.<\/p>\n<p style=\"text-align: justify;\">Le Village de la Bio\u00e9conomie porte l\u2019ambition de rassembler des professionnels et des d\u00e9cideurs engag\u00e9s dans le d\u00e9veloppement d\u2019une \u00e9conomie plus verte et plus durable.<\/p>\n<p style=\"text-align: justify;\">Un programme riche avec chaque jour une nouvelle th\u00e9matique organis\u00e9e autour de rencontres B2B, d\u2019animations et de tables rondes anim\u00e9es par des experts.<\/p>\n<p style=\"text-align: justify;\"><strong>La journ\u00e9e du samedi 7 septembre sera consacr\u00e9e aux Emplois de la Bio\u00e9conomie, <\/strong>avec le matin une conf\u00e9rence sur les m\u00e9tiers de la bio\u00e9conomie et l\u2019apr\u00e8s-midi des pitchs des besoins et emplois de la bio\u00e9conomie.<\/p>\n<p style=\"text-align: justify;\">Les acteurs du monde de l\u2019emploi (France Travail, APECITA, \u2026) seront \u00e9galement pr\u00e9sents.<\/p>\n<p style=\"text-align: justify;\"><strong>A cette occasion, la CCI Grand Est vous propose de venir pr\u00e9senter vos besoins en recrutement et de promouvoir vos m\u00e9tiers aupr\u00e8s de potentiels candidats.<\/strong><\/p>\n<p style=\"text-align: justify;\">L&rsquo;offre comprend :<\/p>\n<ul style=\"text-align: justify;\">\n<li>Un cr\u00e9neau d\u2019une dizaine de minutes pour pr\u00e9senter vos besoins<\/li>\n<li>Un petit espace pour recevoir les personnes<\/li>\n<\/ul>\n<blockquote>\n<p style=\"text-align: justify;\"><strong><em>Contact\u00a0: Laurence Thomann \u2013 CCI Grand Est \u2013 <\/em><a href=\"mailto:l.thomann@grandest.cci.fr\"><em>l.thomann@grandest.cci.fr<\/em><\/a><em> \u2013 06 40 25 48 47<\/em><\/strong><\/p>\n<\/blockquote>\n","protected":false},"excerpt":{"rendered":"<p>Pour la 2\u00e8me ann\u00e9e cons\u00e9cutive, sera organis\u00e9 un village de la Bio\u00e9conomie lors de la foire de Ch\u00e2lons du 30 ao\u00fbt au 8 septembre 2024. La Chambre d\u2019Agriculture Grand Est, [&hellip;]<\/p>\n","protected":false},"author":1,"featured_media":4427,"comment_status":"closed","ping_status":"closed","sticky":false,"template":"","format":"standard","meta":{"om_disable_all_campaigns":false,"_monsterinsights_skip_tracking":false,"_monsterinsights_sitenote_active":false,"_monsterinsights_sitenote_note":"","_monsterinsights_sitenote_category":0,"footnotes":""},"categories":[7],"tags":[],"class_list":["post-4426","post","type-post","status-publish","format-standard","has-post-thumbnail","hentry","category-actu-page-daccueil"],"aioseo_notices":[],"_links":{"self":[{"href":"https:\/\/les-arias-grandest.fr\/index.php\/wp-json\/wp\/v2\/posts\/4426","targetHints":{"allow":["GET"]}}],"collection":[{"href":"https:\/\/les-arias-grandest.fr\/index.php\/wp-json\/wp\/v2\/posts"}],"about":[{"href":"https:\/\/les-arias-grandest.fr\/index.php\/wp-json\/wp\/v2\/types\/post"}],"author":[{"embeddable":true,"href":"https:\/\/les-arias-grandest.fr\/index.php\/wp-json\/wp\/v2\/users\/1"}],"replies":[{"embeddable":true,"href":"https:\/\/les-arias-grandest.fr\/index.php\/wp-json\/wp\/v2\/comments?post=4426"}],"version-history":[{"count":0,"href":"https:\/\/les-arias-grandest.fr\/index.php\/wp-json\/wp\/v2\/posts\/4426\/revisions"}],"wp:featuredmedia":[{"embeddable":true,"href":"https:\/\/les-arias-grandest.fr\/index.php\/wp-json\/wp\/v2\/media\/4427"}],"wp:attachment":[{"href":"https:\/\/les-arias-grandest.fr\/index.php\/wp-json\/wp\/v2\/media?parent=4426"}],"wp:term":[{"taxonomy":"category","embeddable":true,"href":"https:\/\/les-arias-grandest.fr\/index.php\/wp-json\/wp\/v2\/categories?post=4426"},{"taxonomy":"post_tag","embeddable":true,"href":"https:\/\/les-arias-grandest.fr\/index.php\/wp-json\/wp\/v2\/tags?post=4426"}],"curies":[{"name":"wp","href":"https:\/\/api.w.org\/{rel}","templated":true}]}}