{"id":5546,"date":"2024-11-29T10:51:09","date_gmt":"2024-11-29T09:51:09","guid":{"rendered":"https:\/\/les-arias-grandest.fr\/?p=5546"},"modified":"2025-02-10T08:31:40","modified_gmt":"2025-02-10T07:31:40","slug":"food-innovation-days-12-13-juin-2025-a-nancy","status":"publish","type":"post","link":"https:\/\/les-arias-grandest.fr\/index.php\/2024\/11\/29\/food-innovation-days-12-13-juin-2025-a-nancy\/","title":{"rendered":"Food Innovation Days \u2013 12 &#038; 13 juin 2025 \u00e0 Nancy\u00a0"},"content":{"rendered":"<p><\/p>\r\n<p><img decoding=\"async\" class=\"wp-image-6017 aligncenter lazyload\" data-src=\"https:\/\/les-arias-grandest.fr\/wp-content\/uploads\/2024\/11\/FID-2025-RS-1-1024x1024.png\" alt=\"\" width=\"321\" height=\"321\" data-srcset=\"https:\/\/les-arias-grandest.fr\/wp-content\/uploads\/2024\/11\/FID-2025-RS-1-1024x1024.png 1024w, https:\/\/les-arias-grandest.fr\/wp-content\/uploads\/2024\/11\/FID-2025-RS-1-300x300.png 300w, https:\/\/les-arias-grandest.fr\/wp-content\/uploads\/2024\/11\/FID-2025-RS-1-150x150.png 150w, https:\/\/les-arias-grandest.fr\/wp-content\/uploads\/2024\/11\/FID-2025-RS-1-768x768.png 768w, https:\/\/les-arias-grandest.fr\/wp-content\/uploads\/2024\/11\/FID-2025-RS-1-1536x1536.png 1536w, https:\/\/les-arias-grandest.fr\/wp-content\/uploads\/2024\/11\/FID-2025-RS-1-1320x1320.png 1320w, https:\/\/les-arias-grandest.fr\/wp-content\/uploads\/2024\/11\/FID-2025-RS-1.png 1654w\" data-sizes=\"(max-width: 321px) 100vw, 321px\" src=\"data:image\/gif;base64,R0lGODlhAQABAAAAACH5BAEKAAEALAAAAAABAAEAAAICTAEAOw==\" style=\"--smush-placeholder-width: 321px; --smush-placeholder-aspect-ratio: 321\/321;\" \/><\/p>\r\n<p>&nbsp;<\/p>\r\n<p>D\u00e9couvrez les derni\u00e8res tendances et innovations Agri-Agro-Food lors des Food Innovation Days 2025, qui se tiendront \u00e0 Nancy les 12 et 13 juin. Cet \u00e9v\u00e9nement incontournable r\u00e9unira des experts, des entrepreneurs, et des passionn\u00e9s pour \u00e9changer sur les d\u00e9fis et opportunit\u00e9s de demain.<\/p>\r\n\r\n\r\n\r\n<p>Au programme : \u00e9changes et rencontres autour des nouvelles technologies, des solutions durables et des pratiques innovantes qui fa\u00e7onnent l\u2019avenir de notre alimentation.<\/p>\r\n\r\n\r\n\r\n<p>R\u00e9servez d\u00e8s maintenant ces dates dans votre agenda et ne manquez pas cette occasion unique de vous inspirer, d\u2019apprendre et de collaborer avec des acteurs cl\u00e9s du domaine !<\/p>\r\n\r\n\r\n\r\n<p>+d&rsquo;infos \u00e0 venir sur : <a title=\"\" href=\"https:\/\/foodinnovationdays.fr\/\" target=\"_blank\" rel=\"noopener\">foodinnovationdays.fr<\/a><\/p>\r\n","protected":false},"excerpt":{"rendered":"<p>&nbsp; D\u00e9couvrez les derni\u00e8res tendances et innovations Agri-Agro-Food lors des Food Innovation Days 2025, qui se tiendront \u00e0 Nancy les 12 et 13 juin. Cet \u00e9v\u00e9nement incontournable r\u00e9unira des experts, [&hellip;]<\/p>\n","protected":false},"author":1,"featured_media":6017,"comment_status":"closed","ping_status":"closed","sticky":false,"template":"","format":"standard","meta":{"om_disable_all_campaigns":false,"_monsterinsights_skip_tracking":false,"_monsterinsights_sitenote_active":false,"_monsterinsights_sitenote_note":"","_monsterinsights_sitenote_category":0,"footnotes":""},"categories":[7],"tags":[],"class_list":["post-5546","post","type-post","status-publish","format-standard","has-post-thumbnail","hentry","category-actu-page-daccueil"],"aioseo_notices":[],"_links":{"self":[{"href":"https:\/\/les-arias-grandest.fr\/index.php\/wp-json\/wp\/v2\/posts\/5546","targetHints":{"allow":["GET"]}}],"collection":[{"href":"https:\/\/les-arias-grandest.fr\/index.php\/wp-json\/wp\/v2\/posts"}],"about":[{"href":"https:\/\/les-arias-grandest.fr\/index.php\/wp-json\/wp\/v2\/types\/post"}],"author":[{"embeddable":true,"href":"https:\/\/les-arias-grandest.fr\/index.php\/wp-json\/wp\/v2\/users\/1"}],"replies":[{"embeddable":true,"href":"https:\/\/les-arias-grandest.fr\/index.php\/wp-json\/wp\/v2\/comments?post=5546"}],"version-history":[{"count":0,"href":"https:\/\/les-arias-grandest.fr\/index.php\/wp-json\/wp\/v2\/posts\/5546\/revisions"}],"wp:featuredmedia":[{"embeddable":true,"href":"https:\/\/les-arias-grandest.fr\/index.php\/wp-json\/wp\/v2\/media\/6017"}],"wp:attachment":[{"href":"https:\/\/les-arias-grandest.fr\/index.php\/wp-json\/wp\/v2\/media?parent=5546"}],"wp:term":[{"taxonomy":"category","embeddable":true,"href":"https:\/\/les-arias-grandest.fr\/index.php\/wp-json\/wp\/v2\/categories?post=5546"},{"taxonomy":"post_tag","embeddable":true,"href":"https:\/\/les-arias-grandest.fr\/index.php\/wp-json\/wp\/v2\/tags?post=5546"}],"curies":[{"name":"wp","href":"https:\/\/api.w.org\/{rel}","templated":true}]}}